{"id":2839,"date":"2026-04-29T10:38:33","date_gmt":"2026-04-29T08:38:33","guid":{"rendered":"https:\/\/afdcl.fr\/?p=2839"},"modified":"2026-04-29T10:38:38","modified_gmt":"2026-04-29T08:38:38","slug":"forum-annuel-de-la-fonction-juridique-territoriale","status":"publish","type":"post","link":"https:\/\/afdcl.fr\/?p=2839","title":{"rendered":"Forum annuel de la fonction juridique territoriale"},"content":{"rendered":"\n<p>Cette ann\u00e9e, le Forum de la fonction juridique territoriale de l&rsquo;AFDCL aura lieu le jeudi 21 mai \u00e0 partir de 9h15 au Centre Malher (situ\u00e9 9 rue Malher \u00e0 Paris).<\/p>\n\n\n\n<p>Trois ateliers sont au programme :<\/p>\n\n\n\n<p>&#8211; \u00ab\u00a0Pouvoir municipal et d\u00e9mocratie\u00a0\u00bb, anim\u00e9 par <strong>Elisabeth Mella<\/strong>, avec <strong>Martial Foucault<\/strong> et <strong>Michel Verpeaux<\/strong> ;<\/p>\n\n\n\n<p>&#8211; \u00ab\u00a0Le statut de l&rsquo;\u00e9lu\u00a0\u00bb, anim\u00e9 par Maylis Douence, avec <strong>Nicolas Kada<\/strong>, <strong>Philippe Bluteau<\/strong> et <strong>Olivier Salvador<\/strong> ;<\/p>\n\n\n\n<p>&#8211; \u00ab\u00a0Les relations \u00e9lus-agents\u00a0\u00bb, anim\u00e9 par <strong>Laurent Bacquart<\/strong>, avec <strong>Jean-Fran\u00e7ois Brisson<\/strong> et <strong>Simon Leclerc<\/strong>.<\/p>\n\n\n\n<div data-wp-interactive=\"core\/file\" class=\"wp-block-file\"><object data-wp-bind--hidden=\"!state.hasPdfPreview\"  class=\"wp-block-file__embed\" data=\"https:\/\/afdcl.fr\/wp-content\/uploads\/2026\/04\/Programme-forum-2026-AFDCL.pdf\" type=\"application\/pdf\" style=\"width:100%;height:600px\" aria-label=\"Contenu embarqu\u00e9 Programme-forum-2026-AFDCL.\"><\/object><a id=\"wp-block-file--media-6fa4f7a4-5931-4d54-a5ec-f1953a804001\" href=\"https:\/\/afdcl.fr\/wp-content\/uploads\/2026\/04\/Programme-forum-2026-AFDCL.pdf\">Programme-forum-2026-AFDCL<\/a><a href=\"https:\/\/afdcl.fr\/wp-content\/uploads\/2026\/04\/Programme-forum-2026-AFDCL.pdf\" class=\"wp-block-file__button wp-element-button\" download aria-describedby=\"wp-block-file--media-6fa4f7a4-5931-4d54-a5ec-f1953a804001\">T\u00e9l\u00e9charger<\/a><\/div>\n","protected":false},"excerpt":{"rendered":"<p>Cette ann\u00e9e, le Forum de la fonction juridique territoriale de l&rsquo;AFDCL aura lieu le jeudi 21 mai \u00e0 partir de 9h15 au Centre Malher (situ\u00e9 9 rue Malher \u00e0 Paris). Trois ateliers sont au programme : &#8211; \u00ab\u00a0Pouvoir municipal et d\u00e9mocratie\u00a0\u00bb, anim\u00e9 par Elisabeth Mella, avec Martial Foucault et Michel Verpeaux ; &#8211; \u00ab\u00a0Le statut<\/p>\n","protected":false},"author":1,"featured_media":0,"comment_status":"closed","ping_status":"closed","sticky":false,"template":"","format":"standard","meta":{"footnotes":""},"categories":[23],"tags":[],"_links":{"self":[{"href":"https:\/\/afdcl.fr\/index.php?rest_route=\/wp\/v2\/posts\/2839"}],"collection":[{"href":"https:\/\/afdcl.fr\/index.php?rest_route=\/wp\/v2\/posts"}],"about":[{"href":"https:\/\/afdcl.fr\/index.php?rest_route=\/wp\/v2\/types\/post"}],"author":[{"embeddable":true,"href":"https:\/\/afdcl.fr\/index.php?rest_route=\/wp\/v2\/users\/1"}],"replies":[{"embeddable":true,"href":"https:\/\/afdcl.fr\/index.php?rest_route=%2Fwp%2Fv2%2Fcomments&post=2839"}],"version-history":[{"count":1,"href":"https:\/\/afdcl.fr\/index.php?rest_route=\/wp\/v2\/posts\/2839\/revisions"}],"predecessor-version":[{"id":2841,"href":"https:\/\/afdcl.fr\/index.php?rest_route=\/wp\/v2\/posts\/2839\/revisions\/2841"}],"wp:attachment":[{"href":"https:\/\/afdcl.fr\/index.php?rest_route=%2Fwp%2Fv2%2Fmedia&parent=2839"}],"wp:term":[{"taxonomy":"category","embeddable":true,"href":"https:\/\/afdcl.fr\/index.php?rest_route=%2Fwp%2Fv2%2Fcategories&post=2839"},{"taxonomy":"post_tag","embeddable":true,"href":"https:\/\/afdcl.fr\/index.php?rest_route=%2Fwp%2Fv2%2Ftags&post=2839"}],"curies":[{"name":"wp","href":"https:\/\/api.w.org\/{rel}","templated":true}]}}